{"id":4687,"date":"2026-08-20T20:07:40","date_gmt":"2026-08-20T20:07:40","guid":{"rendered":"https:\/\/www.dev.pankrome.fr\/MJC\/?post_type=actualite&#038;p=4687"},"modified":"2026-08-21T14:03:45","modified_gmt":"2026-08-21T14:03:45","slug":"cine-jeune-public","status":"publish","type":"actualite","link":"https:\/\/www.dev.pankrome.fr\/MJC\/actualite\/cine-jeune-public\/","title":{"rendered":"Cin\u00e9 jeune public &#8211; septembre"},"content":{"rendered":"\n<p class=\"wp-block-paragraph\">La MJC s&rsquo;associe au Festival Tous Courts pour vous proposer un cin\u00e9 jeune public, un moment \u00e0 partager en famille. <\/p>\n\n\n\n<p class=\"wp-block-paragraph\"><\/p>\n\n\n\n<p class=\"wp-block-paragraph\"><strong>LES PETITS COURTS POUR LA PLAN\u00c8TE<\/strong><br>Comment parler d\u2019\u00e9cologie aux enfants \u00e0 travers le cin\u00e9ma? Ce programme de huit films courts aborde la question de l\u2019environnement et du rapport \u00e0 la nature gr\u00e2ce \u00e0 la diversit\u00e9 de formes et de tons que peut prendre le court m\u00e9trage. Pour \u00e9veiller les consciences et nourrir les questionnements de nos petits spectateurs et spectatrices d\u00e8s le plus jeune \u00e2ge, tout en s\u2019amusant!<\/p>\n\n\n\n<p class=\"wp-block-paragraph\"><\/p>\n\n\n\n<ul class=\"wp-block-list\">\n<li><strong>LA NUIT BLANCHE<\/strong> de Audrey Delepoulle <br>Animation | France | 2023 | 4\u2019<br>Beth, une arboricultrice courageuse, et ses coll\u00e8gues passent une nuit \u00e9puisante au c\u0153ur de la campagne \u00e0 tenter de sauver co\u00fbte que co\u00fbte leurs vergers du gel destructeur annonc\u00e9 le matin m\u00eame.<\/li>\n\n\n\n<li><strong>LA P\u00c2QUERETTE-RACLETTE<\/strong> de Liselotte Macagno <br>Animation | France | 2023 | 4\u201950<br>Claude accompagn\u00e9e d\u2019une ch\u00e8vre-guide veut absolument voir la p\u00e2querette-raclette. Cette fleur se trouve uniquement au sommet de la montagne : le Pic-Odon.<\/li>\n\n\n\n<li><strong>ILLUSTRATION<\/strong> <strong>: COMPOSTAGE<\/strong> de \u00c9lise Auffray <br>Animation, Exp\u00e9rimental | France | 2014 | 2\u201937<br>Fabriquer son compost, c&rsquo;est faire pousser de la terre, c&rsquo;est faire pousser de la vie. C&rsquo;est l&rsquo;histoire du temps qui passe et qui transforme un monde qui meurt en un autre nouveau, pr\u00e9sent, futur et f\u00e9cond.<\/li>\n\n\n\n<li><strong>KIKO ET LESANIMAUX<\/strong> de Yawen Zheng <br>Animation | France, Suisse | 2020 | 7\u201928<br>Kiko pers\u00e9cute tous les animaux. Il ne cesse de les tyranniser, m\u00eame la plus petite souris n\u2019y \u00e9chappe pas ! Comment lui expliquer qu\u2019ils sont comme lui, capables de ressentir des \u00e9motions, d\u2019aimer, et qu\u2019ils m\u00e9ritent le respect ?<\/li>\n\n\n\n<li><strong>PLANET Z <\/strong>de Momoko Seto <br>Animation | France | 2011 | 9\u201930<br>Quelque part&#8230;la Planet Z. La v\u00e9g\u00e9tation commence \u00e0 s\u2019installer sur la plan\u00e8te, et tout semble vivre en harmonie. Mais un champignon gluant envahit petit \u00e0 petit ce monde idyllique.<\/li>\n\n\n\n<li><strong>LA PETITE TAUPE ET LE BULLDOZER<\/strong> de Zdenek Miler<br>Animation | R\u00e9publique Tch\u00e8que | 1975 | 6\u2019<br>La petite taupe a un merveilleux jardin qu&rsquo;elle entretient avec amour. Un jour, elle d\u00e9couvre avec effroi le trajet d&rsquo;une nouvelle route qui doit passer au beau milieu. Le bulldozer arrive et d\u00e9truit tout sur son passage&#8230;<\/li>\n\n\n\n<li><strong>BAKED FISH <\/strong>de Guillem Mir\u00f3 <br>Animation | Espagne | 2019 | 4\u201905<br>Que se passerait-il si les oc\u00e9ans \u00e9taient recouverts d&rsquo;une si grande couche de d\u00e9chets plastiques que les poissons en dispara\u00eetraient ? Une vision dystopique et ironique de notre avenir.<\/li>\n\n\n\n<li><strong>TERRE DE VERS <\/strong>de H\u00e9l\u00e8ne Ducrocq <br>Animation | France | 2019 | 8\u2019<br>Tout nu, tout gluant tout rampant, Sans patte sans griffe et sans dent, On creuse sans malice pour vot\u2019 b\u00e9n\u00e9fice, A votre service et sans artifice, C\u2019est nous les vers de terre, amis et solidaires.<\/li>\n<\/ul>\n\n\n\n<p class=\"wp-block-paragraph\"><\/p>\n\n\n\n<p class=\"wp-block-paragraph\"><em>Ce programme est propos\u00e9 par l\u2019\u00e9quipe de programmation du Festival Tous Courts. A partir de 5 ans.<\/em><\/p>\n\n\n\n<p class=\"wp-block-paragraph\"><\/p>\n\n\n\n<p class=\"wp-block-paragraph\">Horaires : 14h &#8211; 15h30<br>Lieu : Th\u00e9\u00e2tre de la MJC<br>Gratuit &#8211; adh\u00e9sion des enfants obligatoires<\/p>\n\n\n\n<figure class=\"wp-block-gallery has-nested-images columns-default is-cropped wp-block-gallery-1 is-layout-flex wp-block-gallery-is-layout-flex\">\n<figure class=\"wp-block-image size-large\"><img fetchpriority=\"high\" decoding=\"async\" width=\"1920\" height=\"1080\" data-id=\"4704\" src=\"https:\/\/www.dev.pankrome.fr\/MJC\/wp-content\/uploads\/2026\/08\/Baked-fish_Miro.webp\" alt=\"\" class=\"wp-image-4704\" srcset=\"https:\/\/www.dev.pankrome.fr\/MJC\/wp-content\/uploads\/2026\/08\/Baked-fish_Miro.webp 1920w, https:\/\/www.dev.pankrome.fr\/MJC\/wp-content\/uploads\/2026\/08\/Baked-fish_Miro-300x169.webp 300w, https:\/\/www.dev.pankrome.fr\/MJC\/wp-content\/uploads\/2026\/08\/Baked-fish_Miro-150x84.webp 150w, https:\/\/www.dev.pankrome.fr\/MJC\/wp-content\/uploads\/2026\/08\/Baked-fish_Miro-768x432.webp 768w, https:\/\/www.dev.pankrome.fr\/MJC\/wp-content\/uploads\/2026\/08\/Baked-fish_Miro-1536x864.webp 1536w, https:\/\/www.dev.pankrome.fr\/MJC\/wp-content\/uploads\/2026\/08\/Baked-fish_Miro-600x338.webp 600w\" sizes=\"(max-width: 1920px) 100vw, 1920px\" \/><\/figure>\n\n\n\n<figure class=\"wp-block-image size-large\"><img decoding=\"async\" width=\"1440\" height=\"900\" data-id=\"4706\" src=\"https:\/\/www.dev.pankrome.fr\/MJC\/wp-content\/uploads\/2026\/08\/Illustration-compostage_Auffray.webp\" alt=\"\" class=\"wp-image-4706\" srcset=\"https:\/\/www.dev.pankrome.fr\/MJC\/wp-content\/uploads\/2026\/08\/Illustration-compostage_Auffray.webp 1440w, https:\/\/www.dev.pankrome.fr\/MJC\/wp-content\/uploads\/2026\/08\/Illustration-compostage_Auffray-300x188.webp 300w, https:\/\/www.dev.pankrome.fr\/MJC\/wp-content\/uploads\/2026\/08\/Illustration-compostage_Auffray-150x94.webp 150w, https:\/\/www.dev.pankrome.fr\/MJC\/wp-content\/uploads\/2026\/08\/Illustration-compostage_Auffray-768x480.webp 768w, https:\/\/www.dev.pankrome.fr\/MJC\/wp-content\/uploads\/2026\/08\/Illustration-compostage_Auffray-600x375.webp 600w\" sizes=\"(max-width: 1440px) 100vw, 1440px\" \/><\/figure>\n\n\n\n<figure class=\"wp-block-image size-large\"><img decoding=\"async\" width=\"1920\" height=\"1080\" data-id=\"4707\" src=\"https:\/\/www.dev.pankrome.fr\/MJC\/wp-content\/uploads\/2026\/08\/Kiko_et_les_animaux_Zheng.webp\" alt=\"\" class=\"wp-image-4707\" srcset=\"https:\/\/www.dev.pankrome.fr\/MJC\/wp-content\/uploads\/2026\/08\/Kiko_et_les_animaux_Zheng.webp 1920w, https:\/\/www.dev.pankrome.fr\/MJC\/wp-content\/uploads\/2026\/08\/Kiko_et_les_animaux_Zheng-300x169.webp 300w, https:\/\/www.dev.pankrome.fr\/MJC\/wp-content\/uploads\/2026\/08\/Kiko_et_les_animaux_Zheng-150x84.webp 150w, https:\/\/www.dev.pankrome.fr\/MJC\/wp-content\/uploads\/2026\/08\/Kiko_et_les_animaux_Zheng-768x432.webp 768w, https:\/\/www.dev.pankrome.fr\/MJC\/wp-content\/uploads\/2026\/08\/Kiko_et_les_animaux_Zheng-1536x864.webp 1536w, https:\/\/www.dev.pankrome.fr\/MJC\/wp-content\/uploads\/2026\/08\/Kiko_et_les_animaux_Zheng-600x338.webp 600w\" sizes=\"(max-width: 1920px) 100vw, 1920px\" \/><\/figure>\n\n\n\n<figure class=\"wp-block-image size-large\"><img loading=\"lazy\" decoding=\"async\" width=\"1920\" height=\"1080\" data-id=\"4705\" src=\"https:\/\/www.dev.pankrome.fr\/MJC\/wp-content\/uploads\/2026\/08\/Nuit_blanche_Delepoulle.webp\" alt=\"\" class=\"wp-image-4705\" srcset=\"https:\/\/www.dev.pankrome.fr\/MJC\/wp-content\/uploads\/2026\/08\/Nuit_blanche_Delepoulle.webp 1920w, https:\/\/www.dev.pankrome.fr\/MJC\/wp-content\/uploads\/2026\/08\/Nuit_blanche_Delepoulle-300x169.webp 300w, https:\/\/www.dev.pankrome.fr\/MJC\/wp-content\/uploads\/2026\/08\/Nuit_blanche_Delepoulle-150x84.webp 150w, https:\/\/www.dev.pankrome.fr\/MJC\/wp-content\/uploads\/2026\/08\/Nuit_blanche_Delepoulle-768x432.webp 768w, https:\/\/www.dev.pankrome.fr\/MJC\/wp-content\/uploads\/2026\/08\/Nuit_blanche_Delepoulle-1536x864.webp 1536w, https:\/\/www.dev.pankrome.fr\/MJC\/wp-content\/uploads\/2026\/08\/Nuit_blanche_Delepoulle-600x338.webp 600w\" sizes=\"(max-width: 1920px) 100vw, 1920px\" \/><figcaption class=\"wp-element-caption\">Screenshot<\/figcaption><\/figure>\n\n\n\n<figure class=\"wp-block-image size-large\"><img loading=\"lazy\" decoding=\"async\" width=\"1920\" height=\"1080\" data-id=\"4711\" src=\"https:\/\/www.dev.pankrome.fr\/MJC\/wp-content\/uploads\/2026\/08\/Paquerette-Raclette_Macagno-1.webp\" alt=\"\" class=\"wp-image-4711\" srcset=\"https:\/\/www.dev.pankrome.fr\/MJC\/wp-content\/uploads\/2026\/08\/Paquerette-Raclette_Macagno-1.webp 1920w, https:\/\/www.dev.pankrome.fr\/MJC\/wp-content\/uploads\/2026\/08\/Paquerette-Raclette_Macagno-1-300x169.webp 300w, https:\/\/www.dev.pankrome.fr\/MJC\/wp-content\/uploads\/2026\/08\/Paquerette-Raclette_Macagno-1-150x84.webp 150w, https:\/\/www.dev.pankrome.fr\/MJC\/wp-content\/uploads\/2026\/08\/Paquerette-Raclette_Macagno-1-768x432.webp 768w, https:\/\/www.dev.pankrome.fr\/MJC\/wp-content\/uploads\/2026\/08\/Paquerette-Raclette_Macagno-1-1536x864.webp 1536w, https:\/\/www.dev.pankrome.fr\/MJC\/wp-content\/uploads\/2026\/08\/Paquerette-Raclette_Macagno-1-600x338.webp 600w\" sizes=\"(max-width: 1920px) 100vw, 1920px\" \/><\/figure>\n\n\n\n<figure class=\"wp-block-image size-large\"><img loading=\"lazy\" decoding=\"async\" width=\"1772\" height=\"1315\" data-id=\"4709\" src=\"https:\/\/www.dev.pankrome.fr\/MJC\/wp-content\/uploads\/2026\/08\/Petite_taupe_et_le_bulldozer_Miler.webp\" alt=\"\" class=\"wp-image-4709\" srcset=\"https:\/\/www.dev.pankrome.fr\/MJC\/wp-content\/uploads\/2026\/08\/Petite_taupe_et_le_bulldozer_Miler.webp 1772w, https:\/\/www.dev.pankrome.fr\/MJC\/wp-content\/uploads\/2026\/08\/Petite_taupe_et_le_bulldozer_Miler-300x223.webp 300w, https:\/\/www.dev.pankrome.fr\/MJC\/wp-content\/uploads\/2026\/08\/Petite_taupe_et_le_bulldozer_Miler-150x111.webp 150w, https:\/\/www.dev.pankrome.fr\/MJC\/wp-content\/uploads\/2026\/08\/Petite_taupe_et_le_bulldozer_Miler-768x570.webp 768w, https:\/\/www.dev.pankrome.fr\/MJC\/wp-content\/uploads\/2026\/08\/Petite_taupe_et_le_bulldozer_Miler-1536x1140.webp 1536w, https:\/\/www.dev.pankrome.fr\/MJC\/wp-content\/uploads\/2026\/08\/Petite_taupe_et_le_bulldozer_Miler-600x445.webp 600w\" sizes=\"(max-width: 1772px) 100vw, 1772px\" \/><\/figure>\n\n\n\n<figure class=\"wp-block-image size-large\"><img loading=\"lazy\" decoding=\"async\" width=\"1920\" height=\"1080\" data-id=\"4710\" src=\"https:\/\/www.dev.pankrome.fr\/MJC\/wp-content\/uploads\/2026\/08\/Planet-Z_Seto.webp\" alt=\"\" class=\"wp-image-4710\" srcset=\"https:\/\/www.dev.pankrome.fr\/MJC\/wp-content\/uploads\/2026\/08\/Planet-Z_Seto.webp 1920w, https:\/\/www.dev.pankrome.fr\/MJC\/wp-content\/uploads\/2026\/08\/Planet-Z_Seto-300x169.webp 300w, https:\/\/www.dev.pankrome.fr\/MJC\/wp-content\/uploads\/2026\/08\/Planet-Z_Seto-150x84.webp 150w, https:\/\/www.dev.pankrome.fr\/MJC\/wp-content\/uploads\/2026\/08\/Planet-Z_Seto-768x432.webp 768w, https:\/\/www.dev.pankrome.fr\/MJC\/wp-content\/uploads\/2026\/08\/Planet-Z_Seto-1536x864.webp 1536w, https:\/\/www.dev.pankrome.fr\/MJC\/wp-content\/uploads\/2026\/08\/Planet-Z_Seto-600x338.webp 600w\" sizes=\"(max-width: 1920px) 100vw, 1920px\" \/><\/figure>\n\n\n\n<figure class=\"wp-block-image size-large\"><img loading=\"lazy\" decoding=\"async\" width=\"1920\" height=\"1080\" sizes=\"(max-width: 1920px) 100vw, 1920px\" data-id=\"4708\" src=\"https:\/\/www.dev.pankrome.fr\/MJC\/wp-content\/uploads\/2026\/08\/Terre_de_vers_Ducrocq-1920x1080.webp\" alt=\"\" class=\"wp-image-4708\" srcset=\"https:\/\/www.dev.pankrome.fr\/MJC\/wp-content\/uploads\/2026\/08\/Terre_de_vers_Ducrocq-1920x1080.webp 1920w, https:\/\/www.dev.pankrome.fr\/MJC\/wp-content\/uploads\/2026\/08\/Terre_de_vers_Ducrocq-300x169.webp 300w, https:\/\/www.dev.pankrome.fr\/MJC\/wp-content\/uploads\/2026\/08\/Terre_de_vers_Ducrocq-150x84.webp 150w, https:\/\/www.dev.pankrome.fr\/MJC\/wp-content\/uploads\/2026\/08\/Terre_de_vers_Ducrocq-768x432.webp 768w, https:\/\/www.dev.pankrome.fr\/MJC\/wp-content\/uploads\/2026\/08\/Terre_de_vers_Ducrocq-1536x864.webp 1536w, https:\/\/www.dev.pankrome.fr\/MJC\/wp-content\/uploads\/2026\/08\/Terre_de_vers_Ducrocq-2048x1152.webp 2048w, https:\/\/www.dev.pankrome.fr\/MJC\/wp-content\/uploads\/2026\/08\/Terre_de_vers_Ducrocq-600x338.webp 600w\" \/><\/figure>\n<\/figure>\n","protected":false},"excerpt":{"rendered":"<p>La MJC s&rsquo;associe au Festival Tous Courts pour vous proposer un cin\u00e9 jeune public, un moment \u00e0 partager en famille. LES PETITS COURTS POUR LA PLAN\u00c8TEComment parler d\u2019\u00e9cologie aux enfants \u00e0 travers le cin\u00e9ma? Ce programme de huit films courts aborde la question de l\u2019environnement et du rapport \u00e0 la nature gr\u00e2ce \u00e0 la diversit\u00e9 [&hellip;]<\/p>\n","protected":false},"featured_media":4688,"template":"","meta":{"_acf_changed":false,"_seopress_titles_title":"","_seopress_titles_desc":"","_seopress_robots_index":"","_seopress_robots_follow":"","_seopress_robots_imageindex":"","_seopress_robots_snippet":"","_seopress_robots_primary_cat":"","_seopress_robots_breadcrumbs":"","_seopress_robots_freeze_modified_date":"","_seopress_robots_custom_modified_date":"","_seopress_robots_canonical":"","_seopress_social_fb_title":"","_seopress_social_fb_desc":"","_seopress_social_fb_img":"","_seopress_social_fb_img_attachment_id":0,"_seopress_social_fb_img_width":0,"_seopress_social_fb_img_height":0,"_seopress_social_twitter_title":"","_seopress_social_twitter_desc":"","_seopress_social_twitter_img":"","_seopress_social_twitter_img_attachment_id":0,"_seopress_social_twitter_img_width":0,"_seopress_social_twitter_img_height":0,"_seopress_redirections_value":"","_seopress_redirections_enabled":"","_seopress_redirections_enabled_regex":"","_seopress_redirections_logged_status":"","_seopress_redirections_param":"","_seopress_redirections_type":0,"_seopress_analysis_target_kw":""},"categories":[60,111],"class_list":["post-4687","actualite","type-actualite","status-publish","has-post-thumbnail","hentry","category-alaune","category-cine"],"acf":[],"_links":{"self":[{"href":"https:\/\/www.dev.pankrome.fr\/MJC\/wp-json\/wp\/v2\/actualite\/4687","targetHints":{"allow":["GET"]}}],"collection":[{"href":"https:\/\/www.dev.pankrome.fr\/MJC\/wp-json\/wp\/v2\/actualite"}],"about":[{"href":"https:\/\/www.dev.pankrome.fr\/MJC\/wp-json\/wp\/v2\/types\/actualite"}],"version-history":[{"count":7,"href":"https:\/\/www.dev.pankrome.fr\/MJC\/wp-json\/wp\/v2\/actualite\/4687\/revisions"}],"predecessor-version":[{"id":4745,"href":"https:\/\/www.dev.pankrome.fr\/MJC\/wp-json\/wp\/v2\/actualite\/4687\/revisions\/4745"}],"wp:featuredmedia":[{"embeddable":true,"href":"https:\/\/www.dev.pankrome.fr\/MJC\/wp-json\/wp\/v2\/media\/4688"}],"wp:attachment":[{"href":"https:\/\/www.dev.pankrome.fr\/MJC\/wp-json\/wp\/v2\/media?parent=4687"}],"wp:term":[{"taxonomy":"category","embeddable":true,"href":"https:\/\/www.dev.pankrome.fr\/MJC\/wp-json\/wp\/v2\/categories?post=4687"}],"curies":[{"name":"wp","href":"https:\/\/api.w.org\/{rel}","templated":true}]}}