{"id":4678,"date":"2026-08-20T20:05:53","date_gmt":"2026-08-20T20:05:53","guid":{"rendered":"https:\/\/www.dev.pankrome.fr\/MJC\/?post_type=actualite&#038;p=4678"},"modified":"2026-08-21T14:03:46","modified_gmt":"2026-08-21T14:03:46","slug":"salon-des-sports-2026","status":"publish","type":"actualite","link":"https:\/\/www.dev.pankrome.fr\/MJC\/actualite\/salon-des-sports-2026\/","title":{"rendered":"Salon des sports 2026"},"content":{"rendered":"\n<p class=\"wp-block-paragraph\"><strong>Organis\u00e9 par la direction des Sports de la ville d\u2019Aix-en-Provence, le Salon des Sports 2026 se d\u00e9roulera le samedi 5 septembre, de 10h \u00e0 18h, au complexe sportif du Val de l\u2019Arc.<\/strong><\/p>\n\n\n\n<p class=\"wp-block-paragraph\">Venez nous rencontrer pour d\u00e9couvrir nos activit\u00e9s sportives : escalade sur mur, escalade en milieu naturel, randonn\u00e9e d\u00e9couverte ou marche sant\u00e9. <\/p>\n","protected":false},"excerpt":{"rendered":"<p>Organis\u00e9 par la direction des Sports de la ville d\u2019Aix-en-Provence, le Salon des Sports 2026 se d\u00e9roulera le samedi 5 septembre, de 10h \u00e0 18h, au complexe sportif du Val de l\u2019Arc. Venez nous rencontrer pour d\u00e9couvrir nos activit\u00e9s sportives : escalade sur mur, escalade en milieu naturel, randonn\u00e9e d\u00e9couverte ou marche sant\u00e9.<\/p>\n","protected":false},"featured_media":4679,"template":"","meta":{"_acf_changed":false,"_seopress_titles_title":"","_seopress_titles_desc":"","_seopress_robots_index":"","_seopress_robots_follow":"","_seopress_robots_imageindex":"","_seopress_robots_snippet":"","_seopress_robots_primary_cat":"","_seopress_robots_breadcrumbs":"","_seopress_robots_freeze_modified_date":"","_seopress_robots_custom_modified_date":"","_seopress_robots_canonical":"","_seopress_social_fb_title":"","_seopress_social_fb_desc":"","_seopress_social_fb_img":"","_seopress_social_fb_img_attachment_id":0,"_seopress_social_fb_img_width":0,"_seopress_social_fb_img_height":0,"_seopress_social_twitter_title":"","_seopress_social_twitter_desc":"","_seopress_social_twitter_img":"","_seopress_social_twitter_img_attachment_id":0,"_seopress_social_twitter_img_width":0,"_seopress_social_twitter_img_height":0,"_seopress_redirections_value":"","_seopress_redirections_enabled":"","_seopress_redirections_enabled_regex":"","_seopress_redirections_logged_status":"","_seopress_redirections_param":"","_seopress_redirections_type":0,"_seopress_analysis_target_kw":""},"categories":[1],"class_list":["post-4678","actualite","type-actualite","status-publish","has-post-thumbnail","hentry","category-autres"],"acf":[],"_links":{"self":[{"href":"https:\/\/www.dev.pankrome.fr\/MJC\/wp-json\/wp\/v2\/actualite\/4678","targetHints":{"allow":["GET"]}}],"collection":[{"href":"https:\/\/www.dev.pankrome.fr\/MJC\/wp-json\/wp\/v2\/actualite"}],"about":[{"href":"https:\/\/www.dev.pankrome.fr\/MJC\/wp-json\/wp\/v2\/types\/actualite"}],"version-history":[{"count":2,"href":"https:\/\/www.dev.pankrome.fr\/MJC\/wp-json\/wp\/v2\/actualite\/4678\/revisions"}],"predecessor-version":[{"id":4748,"href":"https:\/\/www.dev.pankrome.fr\/MJC\/wp-json\/wp\/v2\/actualite\/4678\/revisions\/4748"}],"wp:featuredmedia":[{"embeddable":true,"href":"https:\/\/www.dev.pankrome.fr\/MJC\/wp-json\/wp\/v2\/media\/4679"}],"wp:attachment":[{"href":"https:\/\/www.dev.pankrome.fr\/MJC\/wp-json\/wp\/v2\/media?parent=4678"}],"wp:term":[{"taxonomy":"category","embeddable":true,"href":"https:\/\/www.dev.pankrome.fr\/MJC\/wp-json\/wp\/v2\/categories?post=4678"}],"curies":[{"name":"wp","href":"https:\/\/api.w.org\/{rel}","templated":true}]}}